{"id":493,"date":"2025-05-19T13:33:45","date_gmt":"2025-05-19T13:33:45","guid":{"rendered":"https:\/\/sequentialracingteam.com\/?p=493"},"modified":"2025-05-19T13:33:45","modified_gmt":"2025-05-19T13:33:45","slug":"la-50a-subida-al-mirador-de-guimar-trofeo-mofecea-se-presentara-este-jueves","status":"publish","type":"post","link":"https:\/\/sequentialracingteam.com\/index.php\/2025\/05\/19\/la-50a-subida-al-mirador-de-guimar-trofeo-mofecea-se-presentara-este-jueves\/","title":{"rendered":"La 50\u00aa Subida al Mirador de G\u00fc\u00edmar \u201cTrofeo Mofecea\u201d se presentar\u00e1 este jueves"},"content":{"rendered":"<p><strong><em>En el acto, que se desarrollar\u00e1 en el Espacio Cultural Los \u00c1ngeles (ECLA), a las 19.30 h, se homenajear\u00e1 a los diferentes organizadores que ha tenido la prueba en las cuarenta y nueve ediciones celebradas hasta la fecha.<\/em><\/strong><\/p>\n<p>El Club Deportivo Sequential Racing Team contin\u00faa con los preparativos para celebrar el cincuentenario de la Subida al Mirador de G\u00fc\u00edmar \u201cTrofeo Mofecea\u201d los d\u00edas 30 y 31 de mayo. El primer acto p\u00fablico de la competici\u00f3n tendr\u00e1 lugar este jueves, d\u00eda 22, con motivo de su presentaci\u00f3n oficial. En esta, que se desarrollar\u00e1 en el ECLA, ubicado en la avenida de Santa Cruz, en G\u00fc\u00edmar, adem\u00e1s de dar a conocer los principales datos de la carrera, se reconocer\u00e1 la labor de quienes han contribuido mediante su trabajo organizativo a que esta haya podido alcanzar las 50 ediciones.<\/p>\n<p><strong>CIERRE DE INSCRIPCIONES: MI\u00c9RCOLES 21, A LAS 14.00 h.<\/strong><\/p>\n<p>Un d\u00eda antes de la presentaci\u00f3n terminar\u00e1 el plazo de inscripci\u00f3n en la prueba, siempre que antes no se haya alcanzado el cupo m\u00e1ximo de 85 veh\u00edculos previsto por la organizaci\u00f3n. Para apuntarse, tan solo hay que acceder a <a href=\"https:\/\/sequentialracingteam.com\">https:\/\/sequentialracingteam.com<\/a>, el sitio web oficial del evento deportivo, y entrar en el men\u00fa \u201cpilotos\u201d, donde hay disponible el enlace directo a la plataforma de gesti\u00f3n integral de la Federaci\u00f3n Interinsular de Automovilismo de Santa Cruz de Tenerife (FIASCT), a trav\u00e9s de la cual se tramitan las inscripciones. Cabe recordar que la 50\u00aa Subida al Mirador de G\u00fc\u00edmar \u201cTrofeo Mofecea\u201d repartir\u00e1 premios en met\u00e1lico a los tres primeros clasificados de cada categor\u00eda, as\u00ed como a los ganadores de cada clase.<\/p>\n<p>La 50\u00aa Subida al Mirador de G\u00fc\u00edmar \u201cTrofeo Mofecea\u201d ser\u00e1 valedera para el Campeonato Provincial y el Recalvi de Monta\u00f1a de Tenerife (Velocidad y Veh\u00edculos Hist\u00f3ricos de Regularidad), y cuenta con el soporte principal del Ayuntamiento de G\u00fc\u00edmar y de su concejal\u00eda de Deportes, DXT Tenerife, Mofecea, MG Canarias, DicanDigital, RACE-RACT, JP Gesti\u00f3n Integral, Junialcan, FullCargo Alquiler de Furgonetas, Lavados Manolo, Ferreter\u00eda El Carret\u00f3n, JJ G\u00f3mez Chapa y Pintura, Taller Medina, y Calzados Cely, entre otros patrocinadores y colaboradores.<\/p>\n","protected":false},"excerpt":{"rendered":"<p>En el acto, que se desarrollar\u00e1 en el Espacio Cultural Los \u00c1ngeles (ECLA), a las 19.30 h, se homenajear\u00e1 a los diferentes organizadores que ha tenido la prueba en las<\/p>\n","protected":false},"author":2,"featured_media":494,"comment_status":"closed","ping_status":"closed","sticky":false,"template":"","format":"standard","meta":{"footnotes":""},"categories":[3],"tags":[],"class_list":["post-493","post","type-post","status-publish","format-standard","has-post-thumbnail","hentry","category-49o-subida-mirador-de-guimar"],"_links":{"self":[{"href":"https:\/\/sequentialracingteam.com\/index.php\/wp-json\/wp\/v2\/posts\/493","targetHints":{"allow":["GET"]}}],"collection":[{"href":"https:\/\/sequentialracingteam.com\/index.php\/wp-json\/wp\/v2\/posts"}],"about":[{"href":"https:\/\/sequentialracingteam.com\/index.php\/wp-json\/wp\/v2\/types\/post"}],"author":[{"embeddable":true,"href":"https:\/\/sequentialracingteam.com\/index.php\/wp-json\/wp\/v2\/users\/2"}],"replies":[{"embeddable":true,"href":"https:\/\/sequentialracingteam.com\/index.php\/wp-json\/wp\/v2\/comments?post=493"}],"version-history":[{"count":1,"href":"https:\/\/sequentialracingteam.com\/index.php\/wp-json\/wp\/v2\/posts\/493\/revisions"}],"predecessor-version":[{"id":495,"href":"https:\/\/sequentialracingteam.com\/index.php\/wp-json\/wp\/v2\/posts\/493\/revisions\/495"}],"wp:featuredmedia":[{"embeddable":true,"href":"https:\/\/sequentialracingteam.com\/index.php\/wp-json\/wp\/v2\/media\/494"}],"wp:attachment":[{"href":"https:\/\/sequentialracingteam.com\/index.php\/wp-json\/wp\/v2\/media?parent=493"}],"wp:term":[{"taxonomy":"category","embeddable":true,"href":"https:\/\/sequentialracingteam.com\/index.php\/wp-json\/wp\/v2\/categories?post=493"},{"taxonomy":"post_tag","embeddable":true,"href":"https:\/\/sequentialracingteam.com\/index.php\/wp-json\/wp\/v2\/tags?post=493"}],"curies":[{"name":"wp","href":"https:\/\/api.w.org\/{rel}","templated":true}]}}