{"id":479,"date":"2025-05-14T19:55:25","date_gmt":"2025-05-14T19:55:25","guid":{"rendered":"https:\/\/sequentialracingteam.com\/?p=479"},"modified":"2025-05-14T20:00:22","modified_gmt":"2025-05-14T20:00:22","slug":"mg-canarias-aportara-los-vehiculos-de-la-caravana-de-seguridad-de-la-50a-subida-al-mirador-de-guimar-trofeo-mofecea","status":"publish","type":"post","link":"https:\/\/sequentialracingteam.com\/index.php\/2025\/05\/14\/mg-canarias-aportara-los-vehiculos-de-la-caravana-de-seguridad-de-la-50a-subida-al-mirador-de-guimar-trofeo-mofecea\/","title":{"rendered":"MG Canarias aportar\u00e1 los veh\u00edculos de la caravana de seguridad de la 50\u00aa Subida al Mirador de G\u00fc\u00edmar \u201cTrofeo Mofecea\u201d"},"content":{"rendered":"<p><strong><em>En total ser\u00e1n casi una decena de coches de \u00faltima generaci\u00f3n de la prestigiosa firma inglesa los que tendr\u00e1 a su disposici\u00f3n el Club Deportivo Sequential Racing Team para utilizarlos en diferentes tareas organizativas de la prueba, que se celebrar\u00e1 los d\u00edas 30 y 31 de mayo.<\/em><\/strong><\/p>\n<p>Tras la positiva experiencia del pasado a\u00f1o, MG Canarias ha decidido extender su acuerdo de patrocinio de la Subida al Mirador de G\u00fc\u00edmar \u201cTrofeo Mofecea\u201d una temporada m\u00e1s. \u201cUna competici\u00f3n tan arraigada como la Subida al Mirador de G\u00fc\u00edmar supone para nosotros un excelente escaparate donde mostrar las principales novedades de MG, una marca que, desde su nacimiento, en 1924, siempre ha llevado la deportividad en su ADN\u201d, dijo Enriqueta Plasencia despu\u00e9s de rubricar el convenio de colaboraci\u00f3n junto a Israel Marrero, presidente del Sequential Racing Team. Plasencia, jefa de Marketing del Grupo Canaauto, del cual forma parte MG Canarias, tambi\u00e9n a\u00f1adi\u00f3 que desde la compa\u00f1\u00eda se est\u00e1 trabajando para tener en la rampa g\u00fcimarera una interesante representaci\u00f3n de la completa gama de veh\u00edculos de la firma brit\u00e1nica, que cuenta con modelos de gasolina, h\u00edbridos, h\u00edbridos enchufables y el\u00e9ctricos.<\/p>\n<p>Por su parte, Marrero, m\u00e1ximo responsable del comit\u00e9 organizador de la prueba, puso de relieve la importancia que tiene el hecho de que empresas como MG Canarias sigan apostando por la competici\u00f3n; ya que, \u201csin su apoyo y el del resto de patrocinadores p\u00fablicos y privados ser\u00eda totalmente inviable poder celebrarla\u201d.<\/p>\n<p><strong>INSCRIPCIONES A BUEN RITMO<\/strong><\/p>\n<p>Dos semanas despu\u00e9s de haberse abierto el plazo de inscripci\u00f3n, son ya casi medio centenar de deportistas los que se han tramitado la suya. Hay que recordar que en el men\u00fa \u201cpilotos\u201d del sitio web oficial de la prueba (<a href=\"https:\/\/sequentialracingteam.com\">https:\/\/sequentialracingteam.com<\/a>), est\u00e1 disponible el enlace directo a la plataforma de gesti\u00f3n integral de la Federaci\u00f3n Interinsular de Automovilismo de Santa Cruz de Tenerife (FIASCT), a trav\u00e9s de la cual se podr\u00e1n tramitar las inscripciones hasta el mi\u00e9rcoles 21 de mayo, a las 14.00 h.<\/p>\n<p>La 50\u00aa Subida al Mirador de G\u00fc\u00edmar \u201cTrofeo Mofecea\u201d ser\u00e1 valedera para el Campeonato Provincial y el Recalvi de Monta\u00f1a de Tenerife (Velocidad y Veh\u00edculos Hist\u00f3ricos de Regularidad), y cuenta con el soporte principal del Ayuntamiento de G\u00fc\u00edmar y de su concejal\u00eda de Deportes, DXT Tenerife, Mofecea, MG Canarias, DicanDigital, RACE-RACT, JP Gesti\u00f3n Integral, Junialcan, FullCargo Alquiler de Furgonetas, Lavados Manolo, Ferreter\u00eda El Carret\u00f3n, JJ G\u00f3mez Chapa y Pintura, Taller Medina, y Calzados Cely, entre otros patrocinadores y colaboradores.<\/p>\n","protected":false},"excerpt":{"rendered":"<p>En total ser\u00e1n casi una decena de coches de \u00faltima generaci\u00f3n de la prestigiosa firma inglesa los que tendr\u00e1 a su disposici\u00f3n el Club Deportivo Sequential Racing Team para utilizarlos<\/p>\n","protected":false},"author":2,"featured_media":482,"comment_status":"closed","ping_status":"closed","sticky":false,"template":"","format":"standard","meta":{"footnotes":""},"categories":[3],"tags":[],"class_list":["post-479","post","type-post","status-publish","format-standard","has-post-thumbnail","hentry","category-49o-subida-mirador-de-guimar"],"_links":{"self":[{"href":"https:\/\/sequentialracingteam.com\/index.php\/wp-json\/wp\/v2\/posts\/479","targetHints":{"allow":["GET"]}}],"collection":[{"href":"https:\/\/sequentialracingteam.com\/index.php\/wp-json\/wp\/v2\/posts"}],"about":[{"href":"https:\/\/sequentialracingteam.com\/index.php\/wp-json\/wp\/v2\/types\/post"}],"author":[{"embeddable":true,"href":"https:\/\/sequentialracingteam.com\/index.php\/wp-json\/wp\/v2\/users\/2"}],"replies":[{"embeddable":true,"href":"https:\/\/sequentialracingteam.com\/index.php\/wp-json\/wp\/v2\/comments?post=479"}],"version-history":[{"count":1,"href":"https:\/\/sequentialracingteam.com\/index.php\/wp-json\/wp\/v2\/posts\/479\/revisions"}],"predecessor-version":[{"id":481,"href":"https:\/\/sequentialracingteam.com\/index.php\/wp-json\/wp\/v2\/posts\/479\/revisions\/481"}],"wp:featuredmedia":[{"embeddable":true,"href":"https:\/\/sequentialracingteam.com\/index.php\/wp-json\/wp\/v2\/media\/482"}],"wp:attachment":[{"href":"https:\/\/sequentialracingteam.com\/index.php\/wp-json\/wp\/v2\/media?parent=479"}],"wp:term":[{"taxonomy":"category","embeddable":true,"href":"https:\/\/sequentialracingteam.com\/index.php\/wp-json\/wp\/v2\/categories?post=479"},{"taxonomy":"post_tag","embeddable":true,"href":"https:\/\/sequentialracingteam.com\/index.php\/wp-json\/wp\/v2\/tags?post=479"}],"curies":[{"name":"wp","href":"https:\/\/api.w.org\/{rel}","templated":true}]}}