{"id":368,"date":"2024-06-22T18:35:05","date_gmt":"2024-06-22T18:35:05","guid":{"rendered":"https:\/\/sequentialracingteam.com\/?p=368"},"modified":"2024-06-22T18:35:05","modified_gmt":"2024-06-22T18:35:05","slug":"49a-subida-al-mirador-de-guimar-trofeo-mofecea-triunfos-de-lauren-garcia-roberto-negrin-y-javier-rodriguez","status":"publish","type":"post","link":"https:\/\/sequentialracingteam.com\/index.php\/2024\/06\/22\/49a-subida-al-mirador-de-guimar-trofeo-mofecea-triunfos-de-lauren-garcia-roberto-negrin-y-javier-rodriguez\/","title":{"rendered":"49\u00aa Subida al Mirador de G\u00fc\u00edmar \u201cTrofeo Mofecea\u201d: triunfos de Lauren Garc\u00eda, Roberto Negr\u00edn y Javier Rodr\u00edguez"},"content":{"rendered":"<p><strong><em>Los citados pilotos fueron los respectivos vencedores de las categor\u00edas dos, uno y tres. En Regularidad Sport, la primera plaza fue para Armando y Antonio Evelio P\u00e9rez, y en Regularidad para los g\u00fcimareros Pablo y Celeste D\u00edaz<\/em><\/strong><\/p>\n<p>Lauren Garc\u00eda vol\u00f3 con su Nova Proto NP01 en los 4.880 metros del trazado de la Subida al Mirador de G\u00fc\u00edmar, parando el crono en la carrera uno en 2\u00b410\u00b4\u00b4639, un tiempo que quedar\u00e1 registrado como el nuevo r\u00e9cord absoluto de la prueba. El piloto de Arico ten\u00eda en mente bajarlo en la carrera 2 y para ello pensaba pertrechar la Nova Proto con cubiertas nuevas. Pero la rotura de motor de uno de los veh\u00edculos participantes, con p\u00e9rdida de aceite sobre el asfalto incluida, le hizo desistir de esta idea inicial y salir con neum\u00e1ticos antiguos y sin asumir riesgos innecesarios. Finalmente, fue el m\u00e1s r\u00e1pido de la prueba y obtuvo una holgada victoria en la Categor\u00eda 2 frente a su rival en esta ocasi\u00f3n, Sergio Febles (Osella PA30 Evo 2018).<\/p>\n<p>En la Categor\u00eda 3 el \u00fanico participante fue Javier Rodr\u00edguez, quien debi\u00f3 conformarse con su tiempo de la primera carrera, pues en la segunda no pudo tomar la salida por la rotura de una r\u00f3tula de su Speed Car GT-R.<\/p>\n<p>En la Categor\u00eda 1 (turismos), Roberto Negr\u00edn sorprendi\u00f3 a todos se apoder\u00f3 del mejor crono tanto en los entrenos oficiales como en las dos carreras celebradas. Con s\u00f3lo dos subidas de experiencia a los mandos de su Porsche 911 997 GT3, Negr\u00edn aprovech\u00f3 para seguir ajustando el <em>set up<\/em> del deportivo alem\u00e1n, un coche gracias al cual inscribir\u00e1 por primera vez su nombre en el palmar\u00e9s de la Subida al Mirador de G\u00fc\u00edmar.<\/p>\n<p>Sergio Fuentes, que termin\u00f3 en el puesto dos de la general a s\u00f3lo 1,6 segundos del tiempo de Negr\u00edn, se convirti\u00f3 en el principal oponente de este; ya que, Carlos Hern\u00e1ndez, cont\u00f3 con un Porsche 911 991 GT3 algo restringido de potencia por un problema con una \u201cpalometa\u201d del motor. No obstante, subi\u00f3 al p\u00f3dium como tercer clasificado.<\/p>\n<p>Por la cuarta y quinta plaza hubo un duelo por ser el primer piloto g\u00fcimarero clasificado. Una batalla que se decidi\u00f3 en favor de Armando D\u00edaz (BMW M3 E36), quien finalmente pudo endosar algo m\u00e1s de dos segundos a su paisano Adri\u00e1n Lugo (Seat Le\u00f3n Supercopa MK2).<\/p>\n<p>Por su parte, Abel Mesa (Mitsubishi Lancer Evo X), fue sexto y logr\u00f3 capturar unos importantes puntos de cara a su clasificaci\u00f3n del Campeonato Recalvi de Tenerife de Monta\u00f1a. Tras \u00e9l acab\u00f3 \u00c1ngel \u201cTito\u201d Correa, que padeci\u00f3 algunos inconvenientes mec\u00e1nicos en el potente Citro\u00ebn DS3 WRX durante la jornada.<\/p>\n<p><strong>REGULARIDAD SPORT<\/strong><\/p>\n<p>Armando y Antonio Evelio P\u00e9rez (VW Golf GTI MK I) hicieron valer su condici\u00f3n de l\u00edderes del certamen tinerfe\u00f1o de Regularidad Sport y se impusieron ante \u201cTin\u201d Dom\u00ednguez-Adahy Exp\u00f3sito (BMW 320 E21), segundos, y Sandra Arme\u00f1o-Alfredo Rapanelli (BMW 325i E30), terceros.<\/p>\n<p>En Regularidad, los mejores fueron los g\u00fcimareros Pablo D\u00edaz y su hija Celeste con su afinado Hillman IMP. Subieron a lo m\u00e1s alto del p\u00f3dium escoltados por Juan Jos\u00e9 y Miriam Hern\u00e1ndez (Toyota Starlet 1.3), y Cristina Brito-Eduardo Meli\u00e1n (Toyota Starlet EP71).<\/p>\n<p>La 49\u00aa Subida al Mirador de G\u00fc\u00edmar \u201cTrofeo Mofecea\u201d fue valedera para el Campeonato Recalvi de Monta\u00f1a de Tenerife (Velocidad y Veh\u00edculos Hist\u00f3ricos de Regularidad) y cont\u00f3 con el soporte principal del Ayuntamiento de G\u00fc\u00edmar a trav\u00e9s de sus concejal\u00edas de Deportes y Fiestas, DXT Tenerife, Mofecea, MG Canarias, DicanDigital, RACE-RACT, JP Gesti\u00f3n Integral, Junialcan, FullCargo Alquiler de Furgonetas, Lavados Manolo, Ferreter\u00eda El Carret\u00f3n, JJ G\u00f3mez Chapa y Pintura, Taller Medina, y Calzados Cely, entre otros patrocinadores y colaboradores.<\/p>\n","protected":false},"excerpt":{"rendered":"<p>Los citados pilotos fueron los respectivos vencedores de las categor\u00edas dos, uno y tres. En Regularidad Sport, la primera plaza fue para Armando y Antonio Evelio P\u00e9rez, y en Regularidad<\/p>\n","protected":false},"author":2,"featured_media":369,"comment_status":"closed","ping_status":"closed","sticky":false,"template":"","format":"standard","meta":{"footnotes":""},"categories":[3],"tags":[],"class_list":["post-368","post","type-post","status-publish","format-standard","has-post-thumbnail","hentry","category-49o-subida-mirador-de-guimar"],"_links":{"self":[{"href":"https:\/\/sequentialracingteam.com\/index.php\/wp-json\/wp\/v2\/posts\/368","targetHints":{"allow":["GET"]}}],"collection":[{"href":"https:\/\/sequentialracingteam.com\/index.php\/wp-json\/wp\/v2\/posts"}],"about":[{"href":"https:\/\/sequentialracingteam.com\/index.php\/wp-json\/wp\/v2\/types\/post"}],"author":[{"embeddable":true,"href":"https:\/\/sequentialracingteam.com\/index.php\/wp-json\/wp\/v2\/users\/2"}],"replies":[{"embeddable":true,"href":"https:\/\/sequentialracingteam.com\/index.php\/wp-json\/wp\/v2\/comments?post=368"}],"version-history":[{"count":2,"href":"https:\/\/sequentialracingteam.com\/index.php\/wp-json\/wp\/v2\/posts\/368\/revisions"}],"predecessor-version":[{"id":415,"href":"https:\/\/sequentialracingteam.com\/index.php\/wp-json\/wp\/v2\/posts\/368\/revisions\/415"}],"wp:featuredmedia":[{"embeddable":true,"href":"https:\/\/sequentialracingteam.com\/index.php\/wp-json\/wp\/v2\/media\/369"}],"wp:attachment":[{"href":"https:\/\/sequentialracingteam.com\/index.php\/wp-json\/wp\/v2\/media?parent=368"}],"wp:term":[{"taxonomy":"category","embeddable":true,"href":"https:\/\/sequentialracingteam.com\/index.php\/wp-json\/wp\/v2\/categories?post=368"},{"taxonomy":"post_tag","embeddable":true,"href":"https:\/\/sequentialracingteam.com\/index.php\/wp-json\/wp\/v2\/tags?post=368"}],"curies":[{"name":"wp","href":"https:\/\/api.w.org\/{rel}","templated":true}]}}