{"id":340,"date":"2024-06-20T07:13:29","date_gmt":"2024-06-20T07:13:29","guid":{"rendered":"https:\/\/sequentialracingteam.com\/?p=340"},"modified":"2024-06-20T07:13:29","modified_gmt":"2024-06-20T07:13:29","slug":"70-inscritos-en-la-49a-subida-al-mirador-de-guimar-trofeo-mofecea","status":"publish","type":"post","link":"https:\/\/sequentialracingteam.com\/index.php\/2024\/06\/20\/70-inscritos-en-la-49a-subida-al-mirador-de-guimar-trofeo-mofecea\/","title":{"rendered":"70 inscritos en la 49\u00aa Subida al Mirador de G\u00fc\u00edmar \u201cTrofeo Mofecea\u201d"},"content":{"rendered":"<p><strong><em>Se ha publicado la lista oficial de inscritos de la prueba, en la que figuran 45 participantes en Velocidad, 15 en Regularidad Sport, 6 en Regularidad y 4 en F\u00f3rmula Rally.<\/em><\/strong><\/p>\n<p>Lauren Garc\u00eda lucir\u00e1 el n\u00famero uno en su Nova Proto NP01 y se postula como el principal favorito para ser el m\u00e1s r\u00e1pido de la jornada, en la que tendr\u00e1 como adversario dentro de la Categor\u00eda 2 a Sergio Febles y su Osella PA30 Evo 2018. Lauren ha ganado en cuatro ocasiones en G\u00fc\u00edmar y llega en primera posici\u00f3n del Campeonato Recalvi de Tenerife de Monta\u00f1a. Algo parecido ocurre con Javier Rodr\u00edguez (Speed Car GT-R), el l\u00edder de la Categor\u00eda 3 en el Interinsular y que tambi\u00e9n sabe lo que es subir a lo m\u00e1s alto del p\u00f3dium de la hist\u00f3rica rampa tinerfe\u00f1a, en la que se llev\u00f3 el triunfo en 2018.<\/p>\n<p>Pero donde mayor lucha se prev\u00e9 para hacerse con los puestos de p\u00f3dium es en la Categor\u00eda 1, en la que son varios los pilotos que cuentan con opciones de victoria. Entre ellos encontramos al excampe\u00f3n de Espa\u00f1a de Monta\u00f1a, Carlos Hern\u00e1ndez, que tratar\u00e1 de exprimir el potencial de su Porsche 911 991 GT3 y de contener a un Sergio Fuentes autor de una gran carrera hace unas semanas en Los Loros con el Mitsubishi Lancer Evo IX. Otros que podr\u00edan meterse en los puestos altos de la clasificaci\u00f3n son Roberto Negr\u00edn (Porsche 911 997 GT3), \u00c1ngel \u201cTito\u201d Correa (Citro\u00ebn DS3 WRX), Abel Mesa (Mitsubishi Lancer Evo X), e incluso los g\u00fcimareros Adri\u00e1n Lugo (Seat Le\u00f3n Supercopa MK II) o Armando D\u00edaz (BMW M3 E36), este \u00faltimo con dos triunfos en su haber (2013 y 2015).<\/p>\n<p><strong>VERIFICACIONES EL VIERNES<\/strong><\/p>\n<p>El Ayuntamiento de G\u00fc\u00edmar y sus aleda\u00f1os acoger\u00e1n el viernes, de 15.00 a 19.30 h, las verificaciones administrativas y t\u00e9cnicas, en las que los aficionados podr\u00e1n recrearse contemplando los veh\u00edculos que participar\u00e1n al d\u00eda siguiente en la competici\u00f3n. Esta comenzar\u00e1 el s\u00e1bado a las nueve de la ma\u00f1ana con los entrenos oficiales, a los que seguir\u00e1n a continuaci\u00f3n las carreras uno y dos.<\/p>\n<p>La 49\u00aa Subida al Mirador de G\u00fc\u00edmar \u201cTrofeo Mofecea\u201d se disputar\u00e1 el pr\u00f3ximo s\u00e1bado, 22 de junio, y ser\u00e1 valedera para el Campeonato Recalvi de Monta\u00f1a de Tenerife (Velocidad y Veh\u00edculos Hist\u00f3ricos de Regularidad). Cuenta con el soporte principal del Ayuntamiento de G\u00fc\u00edmar a trav\u00e9s de sus concejal\u00edas de Deportes y Fiestas, DXT Tenerife, Mofecea, MG Canarias, DicanDigital, RACE-RACT, JP Gesti\u00f3n Integral, Junialcan, FullCargo Alquiler de Furgonetas, Lavados Manolo, Ferreter\u00eda El Carret\u00f3n, JJ G\u00f3mez Chapa y Pintura, Taller Medina, y Calzados Cely, entre otros patrocinadores y colaboradores.<\/p>\n<p>La lista oficial de inscritos y otros documentos de la competici\u00f3n pueden consultarse en: <a href=\"https:\/\/sequentialracingteam.com\/\">https:\/\/sequentialracingteam.com\/<\/a><\/p>\n","protected":false},"excerpt":{"rendered":"<p>Se ha publicado la lista oficial de inscritos de la prueba, en la que figuran 45 participantes en Velocidad, 15 en Regularidad Sport, 6 en Regularidad y 4 en F\u00f3rmula<\/p>\n","protected":false},"author":2,"featured_media":341,"comment_status":"closed","ping_status":"closed","sticky":false,"template":"","format":"standard","meta":{"footnotes":""},"categories":[3],"tags":[],"class_list":["post-340","post","type-post","status-publish","format-standard","has-post-thumbnail","hentry","category-49o-subida-mirador-de-guimar"],"_links":{"self":[{"href":"https:\/\/sequentialracingteam.com\/index.php\/wp-json\/wp\/v2\/posts\/340","targetHints":{"allow":["GET"]}}],"collection":[{"href":"https:\/\/sequentialracingteam.com\/index.php\/wp-json\/wp\/v2\/posts"}],"about":[{"href":"https:\/\/sequentialracingteam.com\/index.php\/wp-json\/wp\/v2\/types\/post"}],"author":[{"embeddable":true,"href":"https:\/\/sequentialracingteam.com\/index.php\/wp-json\/wp\/v2\/users\/2"}],"replies":[{"embeddable":true,"href":"https:\/\/sequentialracingteam.com\/index.php\/wp-json\/wp\/v2\/comments?post=340"}],"version-history":[{"count":1,"href":"https:\/\/sequentialracingteam.com\/index.php\/wp-json\/wp\/v2\/posts\/340\/revisions"}],"predecessor-version":[{"id":342,"href":"https:\/\/sequentialracingteam.com\/index.php\/wp-json\/wp\/v2\/posts\/340\/revisions\/342"}],"wp:featuredmedia":[{"embeddable":true,"href":"https:\/\/sequentialracingteam.com\/index.php\/wp-json\/wp\/v2\/media\/341"}],"wp:attachment":[{"href":"https:\/\/sequentialracingteam.com\/index.php\/wp-json\/wp\/v2\/media?parent=340"}],"wp:term":[{"taxonomy":"category","embeddable":true,"href":"https:\/\/sequentialracingteam.com\/index.php\/wp-json\/wp\/v2\/categories?post=340"},{"taxonomy":"post_tag","embeddable":true,"href":"https:\/\/sequentialracingteam.com\/index.php\/wp-json\/wp\/v2\/tags?post=340"}],"curies":[{"name":"wp","href":"https:\/\/api.w.org\/{rel}","templated":true}]}}