{"id":258,"date":"2024-05-17T18:37:36","date_gmt":"2024-05-17T18:37:36","guid":{"rendered":"https:\/\/sequentialracingteam.com\/?p=258"},"modified":"2024-05-17T18:37:36","modified_gmt":"2024-05-17T18:37:36","slug":"abierto-el-plazo-de-inscripcion","status":"publish","type":"post","link":"https:\/\/sequentialracingteam.com\/index.php\/2024\/05\/17\/abierto-el-plazo-de-inscripcion\/","title":{"rendered":"49\u00aa Subida al Mirador de G\u00fc\u00edmar-Isla de Tenerife \u201cTrofeo Mofecea\u201d: abierto el plazo de inscripci\u00f3n"},"content":{"rendered":"<p>[vc_row][vc_column][vc_column_text]<\/p>\r\n\r\n<p><strong><em>El periodo de admisi\u00f3n de solicitudes concluir\u00e1 el 13 de junio si antes no se ha alcanzado el cupo m\u00e1ximo de 95 veh\u00edculos fijado por la organizaci\u00f3n. La empresa MG Canarias se une al conjunto de patrocinadores y aportar\u00e1 los veh\u00edculos de la caravana de seguridad de la hist\u00f3rica rampa tinerfe\u00f1a.<\/em><\/strong><\/p>\r\n<p>En el sitio web oficial de la competici\u00f3n <a href=\"https:\/\/sequentialracingteam.com\/\">https:\/\/sequentialracingteam.com\/<\/a> ya se encuentra disponible el enlace directo a la plataforma de gestio\u0301n integral de la FIASCT, a trave\u0301s de la cual se podra\u0301n tramitar las inscripciones hasta el jueves 13 de junio, a las 14.00 h. La organizaci\u00f3n ha limitado a 95 el n\u00famero m\u00e1ximo de veh\u00edculos: 65 en Velocidad, 20 en Regularidad Sport, y 10 en F\u00f3rmula Rallye, una proporci\u00f3n que podr\u00eda variar en funci\u00f3n de si se completan o no las plazas destinadas a cada modalidad.<\/p>\r\n<p>En su regreso al calendario tras dos a\u00f1os de ausencia, la 49\u00aa Subida al Mirador de G\u00fc\u00edmar-Isla de Tenerife \u201cTrofeo Mofecea\u201d ser\u00e1 valedera para el Campeonato Recalvi de Monta\u00f1a de Tenerife (Velocidad y Veh\u00edculos Hist\u00f3ricos de Regularidad), y se disputar\u00e1 el s\u00e1bado 22 de junio en la carretera TF-28 a partir de las nueve de la ma\u00f1ana, hora a la que dar\u00e1n comienzo los entrenos oficiales.<\/p>\r\n<p>Las verificaciones administrativas y t\u00e9cnicas tendr\u00e1n lugar el viernes de tres a siete y media de la tarde en el aparcamiento anexo a la plaza de San Pedro, en pleno casco urbano de G\u00fc\u00edmar. All\u00ed permanecer\u00e1n los veh\u00edculos expuestos en r\u00e9gimen de parque cerrado hasta que al d\u00eda siguiente partan hacia el trazado para disputar la competici\u00f3n.<\/p>\r\n<p><strong>CARAVANA DE SEGURIDAD MG<\/strong><\/p>\r\n<p>Gracias a la colaboraci\u00f3n de MG Canarias, concesionario oficial para el archipi\u00e9lago, la organizaci\u00f3n dispondr\u00e1 de varias unidades MG para hacer las labores de coche doble cero, seguridad, observador, etc., en la prueba. De este modo, los aficionados tambi\u00e9n podr\u00e1n disfrutar de las \u00faltimas novedades de la firma nacida en 1924 en Inglaterra y que en la actualidad cuenta con una atractiva gama de h\u00edbridos y el\u00e9ctricos.<\/p>\r\n<p>La 49\u00aa Subida al Mirador de G\u00fc\u00edmar-Isla de Tenerife \u201cTrofeo Mofecea\u201d cuenta con el soporte principal del Ayuntamiento de G\u00fc\u00edmar a trav\u00e9s de sus concejal\u00edas de Deportes y Fiestas, DXT Tenerife, Mofecea, MG Canarias, DicanDigital, RACE-RACT, JP Gesti\u00f3n Integral, Junialcan, Lavados Manolo, Ferreter\u00eda El Carret\u00f3n, JJ G\u00f3mez Chapa y Pintura, Taller Medina, y Calzados Cely, entre otros patrocinadores y colaboradores.<\/p>\r\n<p>[\/vc_column_text][\/vc_column][\/vc_row]<\/p>","protected":false},"excerpt":{"rendered":"<p>[vc_row][vc_column][vc_column_text] El periodo de admisi\u00f3n de solicitudes concluir\u00e1 el 13 de junio si antes no se ha alcanzado el cupo m\u00e1ximo de 95 veh\u00edculos fijado por la organizaci\u00f3n. La empresa<\/p>\n","protected":false},"author":1,"featured_media":259,"comment_status":"closed","ping_status":"closed","sticky":false,"template":"","format":"standard","meta":{"footnotes":""},"categories":[3],"tags":[],"class_list":["post-258","post","type-post","status-publish","format-standard","has-post-thumbnail","hentry","category-49o-subida-mirador-de-guimar"],"_links":{"self":[{"href":"https:\/\/sequentialracingteam.com\/index.php\/wp-json\/wp\/v2\/posts\/258","targetHints":{"allow":["GET"]}}],"collection":[{"href":"https:\/\/sequentialracingteam.com\/index.php\/wp-json\/wp\/v2\/posts"}],"about":[{"href":"https:\/\/sequentialracingteam.com\/index.php\/wp-json\/wp\/v2\/types\/post"}],"author":[{"embeddable":true,"href":"https:\/\/sequentialracingteam.com\/index.php\/wp-json\/wp\/v2\/users\/1"}],"replies":[{"embeddable":true,"href":"https:\/\/sequentialracingteam.com\/index.php\/wp-json\/wp\/v2\/comments?post=258"}],"version-history":[{"count":1,"href":"https:\/\/sequentialracingteam.com\/index.php\/wp-json\/wp\/v2\/posts\/258\/revisions"}],"predecessor-version":[{"id":260,"href":"https:\/\/sequentialracingteam.com\/index.php\/wp-json\/wp\/v2\/posts\/258\/revisions\/260"}],"wp:featuredmedia":[{"embeddable":true,"href":"https:\/\/sequentialracingteam.com\/index.php\/wp-json\/wp\/v2\/media\/259"}],"wp:attachment":[{"href":"https:\/\/sequentialracingteam.com\/index.php\/wp-json\/wp\/v2\/media?parent=258"}],"wp:term":[{"taxonomy":"category","embeddable":true,"href":"https:\/\/sequentialracingteam.com\/index.php\/wp-json\/wp\/v2\/categories?post=258"},{"taxonomy":"post_tag","embeddable":true,"href":"https:\/\/sequentialracingteam.com\/index.php\/wp-json\/wp\/v2\/tags?post=258"}],"curies":[{"name":"wp","href":"https:\/\/api.w.org\/{rel}","templated":true}]}}