{"id":1,"date":"2024-05-02T09:28:54","date_gmt":"2024-05-02T09:28:54","guid":{"rendered":"https:\/\/sequentialracingteam.com\/?p=1"},"modified":"2024-05-04T17:14:26","modified_gmt":"2024-05-04T17:14:26","slug":"preparativos","status":"publish","type":"post","link":"https:\/\/sequentialracingteam.com\/index.php\/2024\/05\/02\/preparativos\/","title":{"rendered":"La 49\u00aa Subida al Mirador de G\u00fc\u00edmar \u201cTrofeo Mofecea\u201d avanza con sus preparativos."},"content":{"rendered":"<p>[vc_row][vc_column][vc_column_text]<\/p>\r\n\r\n<p><strong><em>La hist\u00f3rica prueba tinerfe\u00f1a regresa al calendario automovil\u00edstico tras dos temporadas de ausencia y bajo la tutela del Sequential Racing Team, su nuevo club organizador. Se celebrar\u00e1 los d\u00edas 21 y 22 de junio y ser\u00e1 puntuable para el Campeonato Interinsular de Monta\u00f1a.<\/em><\/strong><\/p>\r\n<p>Con un recorrido de 4.880 metros y un piso en perfecto estado, la Subida al Mirador de G\u00fc\u00edmar siempre ha sido un referente entre los pilotos tinerfe\u00f1os. Y es que en su trazado combina zonas muy t\u00e9cnicas y de mucho ritmo como la de \u201clos muros\u201d, con otras muy veloces como la de meta o la de la escalofriante curva de \u201cmascahierros\u201d. Una completa mezcla que la convierten en un desaf\u00edo de indudable atractivo deportivo.<\/p>\r\n<p>Por ello, el director del Sequential Racing Team y tambi\u00e9n piloto, Israel Marrero, y los miembros de su equipo decidieron embarcarse en la tarea de rescatar la emblem\u00e1tica competici\u00f3n. \u201cVarios compa\u00f1eros deportistas y algunas empresas nos animaron a que tom\u00e1ramos las riendas de la prueba\u201d, comenta Israel. \u201cPor otra parte, la predisposici\u00f3n del Ayuntamiento de G\u00fc\u00edmar para recuperarla ha sido fundamental para que nos comprometi\u00e9ramos a organizarla. Tanto desde la concejal\u00eda de Deportes, que encabeza C\u00e1ndido G\u00f3mez, como desde la de Fiestas, con Patricia Encinoso al frente, estamos recibiendo un apoyo constante y mucha comunicaci\u00f3n, lo que nos est\u00e1 ayudando notablemente con los preparativos, especialmente los relacionados con la parte log\u00edstica\u201d.<\/p>\r\n<p>\u201cEn este sentido, \u2013contin\u00faa Israel\u2013 recientemente, mantuvimos una reuni\u00f3n con ambos ediles, en la que tratamos diferentes temas, especialmente los referentes a la coordinaci\u00f3n de horarios y ubicaciones que utilizar\u00e1 la Subida para no entorpecer los actos de las Fiestas de San Pedro, que se celebran por esas fechas\u201d.<\/p>\r\n<p><strong>ENCUADRADA EN EL PROGRAMA DE ACTOS DE LAS FIESTAS DE SAN PEDRO <\/strong><\/p>\r\n<p>Precisamente por esta coincidencia, desde el club organizador y el consistorio g\u00fcimarero se est\u00e1 trabajando para que los eventos se complementen, por lo que podr\u00eda haber algunas peque\u00f1as modificaciones en los lugares que se ven\u00edan utilizando en temporadas anteriores para las verificaciones del viernes por la tarde, etc., que ser\u00e1n comunicadas pr\u00f3ximamente.<\/p>\r\n<p>Lo que s\u00ed se puede confirmar ya es que el s\u00e1bado 22 de junio, una vez termine la carrera, la entrega de trofeos tendr\u00e1 lugar en la Plaza del Ayuntamiento, en cuyos aleda\u00f1os se celebrar\u00e1 una multitudinaria fiesta de d\u00eda en la que se espera una gran presencia de p\u00fablico.<\/p>\r\n<p>La 49\u00aa Subida al Mirador de G\u00fc\u00edmar-Isla de Tenerife \u201cTrofeo Mofecea\u201d cuenta con el soporte principal del Ayuntamiento de G\u00fc\u00edmar a trav\u00e9s de sus concejal\u00edas de Deportes y Fiestas, Mofecea, DicanDigital, Junialcan, Lavados Manolo, y JJ G\u00f3mez Chapa y Pintura, entre otros patrocinadores y colaboradores.<\/p>\r\n<p>[\/vc_column_text][\/vc_column][\/vc_row]<\/p>","protected":false},"excerpt":{"rendered":"<p>[vc_row][vc_column][vc_column_text] La hist\u00f3rica prueba tinerfe\u00f1a regresa al calendario automovil\u00edstico tras dos temporadas de ausencia y bajo la tutela del Sequential Racing Team, su nuevo club organizador. Se celebrar\u00e1 los d\u00edas<\/p>\n","protected":false},"author":1,"featured_media":101,"comment_status":"closed","ping_status":"closed","sticky":false,"template":"","format":"standard","meta":{"footnotes":""},"categories":[3],"tags":[],"class_list":["post-1","post","type-post","status-publish","format-standard","has-post-thumbnail","hentry","category-49o-subida-mirador-de-guimar"],"_links":{"self":[{"href":"https:\/\/sequentialracingteam.com\/index.php\/wp-json\/wp\/v2\/posts\/1","targetHints":{"allow":["GET"]}}],"collection":[{"href":"https:\/\/sequentialracingteam.com\/index.php\/wp-json\/wp\/v2\/posts"}],"about":[{"href":"https:\/\/sequentialracingteam.com\/index.php\/wp-json\/wp\/v2\/types\/post"}],"author":[{"embeddable":true,"href":"https:\/\/sequentialracingteam.com\/index.php\/wp-json\/wp\/v2\/users\/1"}],"replies":[{"embeddable":true,"href":"https:\/\/sequentialracingteam.com\/index.php\/wp-json\/wp\/v2\/comments?post=1"}],"version-history":[{"count":3,"href":"https:\/\/sequentialracingteam.com\/index.php\/wp-json\/wp\/v2\/posts\/1\/revisions"}],"predecessor-version":[{"id":103,"href":"https:\/\/sequentialracingteam.com\/index.php\/wp-json\/wp\/v2\/posts\/1\/revisions\/103"}],"wp:featuredmedia":[{"embeddable":true,"href":"https:\/\/sequentialracingteam.com\/index.php\/wp-json\/wp\/v2\/media\/101"}],"wp:attachment":[{"href":"https:\/\/sequentialracingteam.com\/index.php\/wp-json\/wp\/v2\/media?parent=1"}],"wp:term":[{"taxonomy":"category","embeddable":true,"href":"https:\/\/sequentialracingteam.com\/index.php\/wp-json\/wp\/v2\/categories?post=1"},{"taxonomy":"post_tag","embeddable":true,"href":"https:\/\/sequentialracingteam.com\/index.php\/wp-json\/wp\/v2\/tags?post=1"}],"curies":[{"name":"wp","href":"https:\/\/api.w.org\/{rel}","templated":true}]}}